{"id":4196,"date":"2025-03-31T17:00:00","date_gmt":"2025-03-31T17:00:00","guid":{"rendered":"https:\/\/weedman.ai\/?p=4196"},"modified":"2025-03-31T15:03:24","modified_gmt":"2025-03-31T15:03:24","slug":"pruzkum-v-bc-odhalil-pokles-mladych-uzivatelu-konopi-po-legalizaci-ale-zvysene-uzivani-mezi-temi-kteri-konopi-uzivaji","status":"publish","type":"post","link":"https:\/\/weedman.ai\/cs\/novinky\/vyzkum\/2025\/03\/31\/pruzkum-v-bc-odhalil-pokles-mladych-uzivatelu-konopi-po-legalizaci-ale-zvysene-uzivani-mezi-temi-kteri-konopi-uzivaji\/","title":{"rendered":"Pr\u016fzkum v BC odhalil pokles mlad\u00fdch u\u017eivatel\u016f konop\u00ed po legalizaci, ale zv\u00fd\u0161en\u00e9 u\u017e\u00edv\u00e1n\u00ed mezi t\u011bmi, kte\u0159\u00ed konop\u00ed u\u017e\u00edvaj\u00ed"},"content":{"rendered":"<p>Ned\u00e1vn\u00e1 zpr\u00e1va zd\u016fraz\u0148uje, \u017ee po\u010det mlad\u00fdch lid\u00ed v Britsk\u00e9 Kolumbii (BC), kte\u0159\u00ed vyzkou\u0161eli konop\u00ed, dos\u00e1hl v roce 2023 nejni\u017e\u0161\u00edho po\u010dtu za posledn\u00edch 25 let. Zji\u0161t\u011bn\u00ed nazna\u010duj\u00ed, \u017ee p\u011bt let po legalizaci konop\u00ed je pravd\u011bpodobnost, \u017ee ho mlad\u00ed lid\u00e9 budou u\u017e\u00edvat, ni\u017e\u0161\u00ed. Mezi t\u011bmi, kte\u0159\u00ed konop\u00ed konzumuj\u00ed, v\u0161ak doch\u00e1z\u00ed k n\u00e1r\u016fstu frekvence u\u017e\u00edv\u00e1n\u00ed.<\/p>\n\n\n\n<p>Zpr\u00e1va Blunt Talk je t\u0159et\u00ed anal\u00fdzou zam\u011b\u0159enou na spot\u0159ebu konop\u00ed ml\u00e1de\u017e\u00ed v BC, kter\u00e1 vych\u00e1z\u00ed z \u00fadaj\u016f z pr\u016fzkumu zdrav\u00ed dosp\u00edvaj\u00edc\u00edch v BC (AHS). Tento pr\u016fzkum se prov\u00e1d\u00ed ka\u017ed\u00fdch p\u011bt let, p\u0159i\u010dem\u017e posledn\u00ed \u00fadaje byly shrom\u00e1\u017ed\u011bny v roce 2018. Zpr\u00e1va za rok 2023 zjistila, \u017ee procento mlad\u00fdch lid\u00ed ve v\u011bku 12-18 let, kte\u0159\u00ed uvedli, \u017ee n\u011bkdy vyzkou\u0161eli konop\u00ed, kleslo z 25% v roce 2018 na 22% v roce 2023.<\/p>\n\n\n\n<p>Mezi mlad\u00fdmi lidmi, kte\u0159\u00ed uvedli, \u017ee konop\u00ed u\u017e\u00edvaj\u00ed, byl zaznamen\u00e1n pokles kou\u0159en\u00ed, zat\u00edmco spot\u0159eba ve form\u011b po\u017eivatin se zv\u00fd\u0161ila. Konkr\u00e9tn\u011b v roce 2023 konzumovalo konop\u00ed ve form\u011b po\u017eivatin 73% mlad\u00fdch lid\u00ed ve srovn\u00e1n\u00ed s 88% v roce 2018, zat\u00edmco kou\u0159en\u00ed se sn\u00ed\u017eilo z 23% na 16%. Krom\u011b toho m\u00e9n\u011b mlad\u00fdch u\u017eivatel\u016f uvedlo, \u017ee konzumovali konop\u00ed p\u0159ed j\u00edzdou nebo jako spolujezdci ve vozidle.<\/p>\n\n\n\n<p>S rostouc\u00edm v\u011bkem se u\u017e\u00edv\u00e1n\u00ed konop\u00ed st\u00e1valo \u010dast\u011bj\u0161\u00edm. Pouze 3% mlad\u00fdch lid\u00ed ve v\u011bku 12 let a m\u00e9n\u011b uvedlo, \u017ee konop\u00ed vyzkou\u0161elo, zat\u00edmco 22% patn\u00e1ctilet\u00fdch a 42% osmn\u00e1ctilet\u00fdch ho vyzkou\u0161elo. Pr\u016fm\u011brn\u00fd v\u011bk prvn\u00edho u\u017eit\u00ed byl zji\u0161t\u011bn na 14 let.<\/p>\n\n\n\n<p>Navzdory celkov\u00e9mu poklesu po\u010dtu mlad\u00fdch u\u017eivatel\u016f uv\u00e1d\u011bli ti, kte\u0159\u00ed konop\u00ed konzumovali, \u017ee ho u\u017e\u00edvali \u010dast\u011bji. Konkr\u00e9tn\u011b 20% uvedlo, \u017ee v posledn\u00edm m\u011bs\u00edci u\u017eili konop\u00ed 20kr\u00e1t nebo v\u00edcekr\u00e1t, a mnoz\u00ed z nich vyj\u00e1d\u0159ili pot\u0159ebu pomoci s u\u017e\u00edv\u00e1n\u00edm konop\u00ed, co\u017e je pozoruhodn\u00fd n\u00e1r\u016fst oproti roku 2018. A\u010dkoli u\u017e\u00edv\u00e1n\u00ed konop\u00ed bylo mezi mlad\u00fdmi lidmi m\u00e9n\u011b \u010dast\u00e9 ne\u017e u\u017e\u00edv\u00e1n\u00ed alkoholu, ti, kte\u0159\u00ed konop\u00ed u\u017e\u00edvali, m\u011bli tendenci u\u017e\u00edvat ho pravideln\u011bji.<\/p>\n\n\n\n<p>Zpr\u00e1va rovn\u011b\u017e odhalila, \u017ee nejvy\u0161\u0161\u00ed \u00farove\u0148 zdrav\u00ed a pohody vykazuj\u00ed mlad\u00ed lid\u00e9, kte\u0159\u00ed konop\u00ed nikdy nezkusili. Naopak nejni\u017e\u0161\u00ed \u00farove\u0148 pozitivn\u00edch zdravotn\u00edch v\u00fdsledk\u016f uv\u00e1d\u011bli ti, kte\u0159\u00ed v posledn\u00edm m\u011bs\u00edci u\u017eili konop\u00ed \u0161est a v\u00edce dn\u00ed. Zaj\u00edmav\u00e9 je, \u017ee v roce 2023 poprv\u00e9 uvedlo, \u017ee konop\u00ed vyzkou\u0161elo v\u00edce \u017een ne\u017e mu\u017e\u016f - 58% \u017een a 53% mu\u017e\u016f uvedlo, \u017ee konop\u00ed vyzkou\u0161elo.<\/p>\n\n\n\n<p>Mlad\u00ed Kana\u010fan\u00e9 \u010dast\u011bji uv\u00e1d\u011bli u\u017e\u00edv\u00e1n\u00ed konop\u00ed ve srovn\u00e1n\u00ed s t\u011bmi, kte\u0159\u00ed se narodili mimo Kanadu. Mezi r\u016fzn\u00fdmi etnick\u00fdmi skupinami uv\u00e1d\u011bla nejvy\u0161\u0161\u00ed m\u00edru u\u017e\u00edv\u00e1n\u00ed konop\u00ed domorod\u00e1 ml\u00e1de\u017e, n\u00e1sledovan\u00e1 ml\u00e1de\u017e\u00ed evropsk\u00e9ho a karibsk\u00e9ho p\u016fvodu. Naopak nejni\u017e\u0161\u00ed m\u00edru u\u017e\u00edv\u00e1n\u00ed konop\u00ed uv\u00e1d\u011bla ml\u00e1de\u017e z prost\u0159ed\u00ed Bl\u00edzk\u00e9ho v\u00fdchodu nebo Asie.<\/p>\n\n\n\n<p>Z geografick\u00e9ho hlediska mlad\u00ed lid\u00e9 v severn\u00edch a vnit\u0159n\u00edch oblastech BC a na ostrov\u011b Vancouver \u010dast\u011bji uv\u00e1d\u011bli, \u017ee u\u017e\u00edvaj\u00ed konop\u00ed, ne\u017e jejich vrstevn\u00edci v pob\u0159e\u017en\u00edm Vancouveru nebo ve Fraser Valley. Nav\u00edc mlad\u00ed lid\u00e9, kte\u0159\u00ed za\u017eili \u017eivotn\u00ed probl\u00e9my, jako je nestabilita bydlen\u00ed nebo ztr\u00e1ta bl\u00edzk\u00e9 osoby, \u010dast\u011bji vyzkou\u0161eli konop\u00ed, zejm\u00e9na ti, kte\u0159\u00ed pracovali mimo domov.<\/p>\n\n\n\n<p>Pr\u016fzkum AHS 2023 BC byl sedmou iterac\u00ed pr\u016fzkumu, kter\u00fd zahrnoval odpov\u011bdi mlad\u00fdch lid\u00ed ve v\u011bku 12-19 let z 2316 t\u0159\u00edd v 59 ze 60 \u0161koln\u00edch obvod\u016f BC. Cel\u00e1 zpr\u00e1va je k dispozici prost\u0159ednictv\u00edm uveden\u00e9ho zdroje.<\/p>","protected":false},"excerpt":{"rendered":"<p>Ned\u00e1vn\u00e1 zpr\u00e1va zd\u016fraz\u0148uje, \u017ee po\u010det mlad\u00fdch lid\u00ed v Britsk\u00e9 Kolumbii (BC), kte\u0159\u00ed vyzkou\u0161eli konop\u00ed, dos\u00e1hl nejni\u017e\u0161\u00edho...<\/p>","protected":false},"author":2,"featured_media":4195,"comment_status":"open","ping_status":"open","sticky":false,"template":"","format":"standard","meta":{"footnotes":""},"categories":[71],"tags":[940,296,645],"class_list":["post-4196","post","type-post","status-publish","format-standard","has-post-thumbnail","hentry","category-research","tag-bc-adolescent-health-survey","tag-british-columbia","tag-youth-cannabis-use"],"yoast_head":"<!-- This site is optimized with the Yoast SEO plugin v27.4 - https:\/\/yoast.com\/product\/yoast-seo-wordpress\/ -->\n<title>BC Survey Reveals Decrease in Young Cannabis Users Post-Legalization, but Increased Usage Among Those Who Do - WeedMan<\/title>\n<meta name=\"robots\" content=\"index, follow, max-snippet:-1, max-image-preview:large, max-video-preview:-1\" \/>\n<link rel=\"canonical\" href=\"https:\/\/weedman.ai\/cs\/novinky\/vyzkum\/2025\/03\/31\/pruzkum-v-bc-odhalil-pokles-mladych-uzivatelu-konopi-po-legalizaci-ale-zvysene-uzivani-mezi-temi-kteri-konopi-uzivaji\/\" \/>\n<meta property=\"og:locale\" content=\"cs_CZ\" \/>\n<meta property=\"og:type\" content=\"article\" \/>\n<meta property=\"og:title\" content=\"BC Survey Reveals Decrease in Young Cannabis Users Post-Legalization, but Increased Usage Among Those Who Do - WeedMan\" \/>\n<meta property=\"og:description\" content=\"A recent report highlights that young people in British Columbia (BC) who have tried cannabis reached their lowest rate in&hellip;\" \/>\n<meta property=\"og:url\" content=\"https:\/\/weedman.ai\/cs\/novinky\/vyzkum\/2025\/03\/31\/pruzkum-v-bc-odhalil-pokles-mladych-uzivatelu-konopi-po-legalizaci-ale-zvysene-uzivani-mezi-temi-kteri-konopi-uzivaji\/\" \/>\n<meta property=\"og:site_name\" content=\"WeedMan\" \/>\n<meta property=\"article:published_time\" content=\"2025-03-31T17:00:00+00:00\" \/>\n<meta property=\"og:image\" content=\"https:\/\/weedman.ai\/wp-content\/uploads\/2025\/03\/bc-survey-reveals-decrease-in-young-cannabis-users-post-lega.jpg\" \/>\n\t<meta property=\"og:image:width\" content=\"1366\" \/>\n\t<meta property=\"og:image:height\" content=\"768\" \/>\n\t<meta property=\"og:image:type\" content=\"image\/jpeg\" \/>\n<meta name=\"author\" content=\"WeedMan\" \/>\n<meta name=\"twitter:card\" content=\"summary_large_image\" \/>\n<meta name=\"twitter:label1\" content=\"Napsal(a)\" \/>\n\t<meta name=\"twitter:data1\" content=\"WeedMan\" \/>\n\t<meta name=\"twitter:label2\" content=\"Odhadovan\u00e1 doba \u010dten\u00ed\" \/>\n\t<meta name=\"twitter:data2\" content=\"2 minuty\" \/>\n<script type=\"application\/ld+json\" class=\"yoast-schema-graph\">{\"@context\":\"https:\\\/\\\/schema.org\",\"@graph\":[{\"@type\":\"Article\",\"@id\":\"https:\\\/\\\/weedman.ai\\\/news\\\/research\\\/2025\\\/03\\\/31\\\/bc-survey-reveals-decrease-in-young-cannabis-users-post-legalization-but-increased-usage-among-those-who-do\\\/#article\",\"isPartOf\":{\"@id\":\"https:\\\/\\\/weedman.ai\\\/news\\\/research\\\/2025\\\/03\\\/31\\\/bc-survey-reveals-decrease-in-young-cannabis-users-post-legalization-but-increased-usage-among-those-who-do\\\/\"},\"author\":{\"name\":\"WeedMan\",\"@id\":\"https:\\\/\\\/weedman.ai\\\/#\\\/schema\\\/person\\\/6dfcae95e60d21990500b72c7969aef0\"},\"headline\":\"BC Survey Reveals Decrease in Young Cannabis Users Post-Legalization, but Increased Usage Among Those Who Do\",\"datePublished\":\"2025-03-31T17:00:00+00:00\",\"mainEntityOfPage\":{\"@id\":\"https:\\\/\\\/weedman.ai\\\/news\\\/research\\\/2025\\\/03\\\/31\\\/bc-survey-reveals-decrease-in-young-cannabis-users-post-legalization-but-increased-usage-among-those-who-do\\\/\"},\"wordCount\":503,\"commentCount\":0,\"publisher\":{\"@id\":\"https:\\\/\\\/weedman.ai\\\/#organization\"},\"image\":{\"@id\":\"https:\\\/\\\/weedman.ai\\\/news\\\/research\\\/2025\\\/03\\\/31\\\/bc-survey-reveals-decrease-in-young-cannabis-users-post-legalization-but-increased-usage-among-those-who-do\\\/#primaryimage\"},\"thumbnailUrl\":\"https:\\\/\\\/weedman.ai\\\/wp-content\\\/uploads\\\/2025\\\/03\\\/bc-survey-reveals-decrease-in-young-cannabis-users-post-lega.jpg\",\"keywords\":[\"BC Adolescent Health Survey\",\"British Columbia\",\"youth cannabis use\"],\"articleSection\":[\"Research\"],\"inLanguage\":\"cs\",\"potentialAction\":[{\"@type\":\"CommentAction\",\"name\":\"Comment\",\"target\":[\"https:\\\/\\\/weedman.ai\\\/news\\\/research\\\/2025\\\/03\\\/31\\\/bc-survey-reveals-decrease-in-young-cannabis-users-post-legalization-but-increased-usage-among-those-who-do\\\/#respond\"]}]},{\"@type\":\"WebPage\",\"@id\":\"https:\\\/\\\/weedman.ai\\\/news\\\/research\\\/2025\\\/03\\\/31\\\/bc-survey-reveals-decrease-in-young-cannabis-users-post-legalization-but-increased-usage-among-those-who-do\\\/\",\"url\":\"https:\\\/\\\/weedman.ai\\\/news\\\/research\\\/2025\\\/03\\\/31\\\/bc-survey-reveals-decrease-in-young-cannabis-users-post-legalization-but-increased-usage-among-those-who-do\\\/\",\"name\":\"BC Survey Reveals Decrease in Young Cannabis Users Post-Legalization, but Increased Usage Among Those Who Do - WeedMan\",\"isPartOf\":{\"@id\":\"https:\\\/\\\/weedman.ai\\\/#website\"},\"primaryImageOfPage\":{\"@id\":\"https:\\\/\\\/weedman.ai\\\/news\\\/research\\\/2025\\\/03\\\/31\\\/bc-survey-reveals-decrease-in-young-cannabis-users-post-legalization-but-increased-usage-among-those-who-do\\\/#primaryimage\"},\"image\":{\"@id\":\"https:\\\/\\\/weedman.ai\\\/news\\\/research\\\/2025\\\/03\\\/31\\\/bc-survey-reveals-decrease-in-young-cannabis-users-post-legalization-but-increased-usage-among-those-who-do\\\/#primaryimage\"},\"thumbnailUrl\":\"https:\\\/\\\/weedman.ai\\\/wp-content\\\/uploads\\\/2025\\\/03\\\/bc-survey-reveals-decrease-in-young-cannabis-users-post-lega.jpg\",\"datePublished\":\"2025-03-31T17:00:00+00:00\",\"breadcrumb\":{\"@id\":\"https:\\\/\\\/weedman.ai\\\/news\\\/research\\\/2025\\\/03\\\/31\\\/bc-survey-reveals-decrease-in-young-cannabis-users-post-legalization-but-increased-usage-among-those-who-do\\\/#breadcrumb\"},\"inLanguage\":\"cs\",\"potentialAction\":[{\"@type\":\"ReadAction\",\"target\":[\"https:\\\/\\\/weedman.ai\\\/news\\\/research\\\/2025\\\/03\\\/31\\\/bc-survey-reveals-decrease-in-young-cannabis-users-post-legalization-but-increased-usage-among-those-who-do\\\/\"]}]},{\"@type\":\"ImageObject\",\"inLanguage\":\"cs\",\"@id\":\"https:\\\/\\\/weedman.ai\\\/news\\\/research\\\/2025\\\/03\\\/31\\\/bc-survey-reveals-decrease-in-young-cannabis-users-post-legalization-but-increased-usage-among-those-who-do\\\/#primaryimage\",\"url\":\"https:\\\/\\\/weedman.ai\\\/wp-content\\\/uploads\\\/2025\\\/03\\\/bc-survey-reveals-decrease-in-young-cannabis-users-post-lega.jpg\",\"contentUrl\":\"https:\\\/\\\/weedman.ai\\\/wp-content\\\/uploads\\\/2025\\\/03\\\/bc-survey-reveals-decrease-in-young-cannabis-users-post-lega.jpg\",\"width\":1366,\"height\":768,\"caption\":\"Credit: StratCann\"},{\"@type\":\"BreadcrumbList\",\"@id\":\"https:\\\/\\\/weedman.ai\\\/news\\\/research\\\/2025\\\/03\\\/31\\\/bc-survey-reveals-decrease-in-young-cannabis-users-post-legalization-but-increased-usage-among-those-who-do\\\/#breadcrumb\",\"itemListElement\":[{\"@type\":\"ListItem\",\"position\":1,\"name\":\"Home\",\"item\":\"https:\\\/\\\/weedman.ai\\\/\"},{\"@type\":\"ListItem\",\"position\":2,\"name\":\"BC Survey Reveals Decrease in Young Cannabis Users Post-Legalization, but Increased Usage Among Those Who Do\"}]},{\"@type\":\"WebSite\",\"@id\":\"https:\\\/\\\/weedman.ai\\\/#website\",\"url\":\"https:\\\/\\\/weedman.ai\\\/\",\"name\":\"WeedMan\",\"description\":\"Cannabis news, weed news, marijuana news\",\"publisher\":{\"@id\":\"https:\\\/\\\/weedman.ai\\\/#organization\"},\"potentialAction\":[{\"@type\":\"SearchAction\",\"target\":{\"@type\":\"EntryPoint\",\"urlTemplate\":\"https:\\\/\\\/weedman.ai\\\/?s={search_term_string}\"},\"query-input\":{\"@type\":\"PropertyValueSpecification\",\"valueRequired\":true,\"valueName\":\"search_term_string\"}}],\"inLanguage\":\"cs\"},{\"@type\":\"Organization\",\"@id\":\"https:\\\/\\\/weedman.ai\\\/#organization\",\"name\":\"WeedMan: cannabis news, insights and data\",\"url\":\"https:\\\/\\\/weedman.ai\\\/\",\"logo\":{\"@type\":\"ImageObject\",\"inLanguage\":\"cs\",\"@id\":\"https:\\\/\\\/weedman.ai\\\/#\\\/schema\\\/logo\\\/image\\\/\",\"url\":\"https:\\\/\\\/weedman.ai\\\/wp-content\\\/uploads\\\/2025\\\/03\\\/cropped-cropped-Screenshot-2025-03-19-at-19.45.36.png\",\"contentUrl\":\"https:\\\/\\\/weedman.ai\\\/wp-content\\\/uploads\\\/2025\\\/03\\\/cropped-cropped-Screenshot-2025-03-19-at-19.45.36.png\",\"width\":696,\"height\":140,\"caption\":\"WeedMan: cannabis news, insights and data\"},\"image\":{\"@id\":\"https:\\\/\\\/weedman.ai\\\/#\\\/schema\\\/logo\\\/image\\\/\"}},{\"@type\":\"Person\",\"@id\":\"https:\\\/\\\/weedman.ai\\\/#\\\/schema\\\/person\\\/6dfcae95e60d21990500b72c7969aef0\",\"name\":\"WeedMan\",\"image\":{\"@type\":\"ImageObject\",\"inLanguage\":\"cs\",\"@id\":\"https:\\\/\\\/secure.gravatar.com\\\/avatar\\\/21627f0a0b88949cd87baec4fb27b612c3cc9b91b69280102e277660a75fae9c?s=96&d=mm&r=g\",\"url\":\"https:\\\/\\\/secure.gravatar.com\\\/avatar\\\/21627f0a0b88949cd87baec4fb27b612c3cc9b91b69280102e277660a75fae9c?s=96&d=mm&r=g\",\"contentUrl\":\"https:\\\/\\\/secure.gravatar.com\\\/avatar\\\/21627f0a0b88949cd87baec4fb27b612c3cc9b91b69280102e277660a75fae9c?s=96&d=mm&r=g\",\"caption\":\"WeedMan\"},\"url\":\"https:\\\/\\\/weedman.ai\\\/cs\\\/news\\\/author\\\/weedman\\\/\"}]}<\/script>\n<!-- \/ Yoast SEO plugin. -->","yoast_head_json":{"title":"Pr\u016fzkum v BC odhalil pokles mlad\u00fdch u\u017eivatel\u016f konop\u00ed po legalizaci, ale zv\u00fd\u0161en\u00e9 u\u017e\u00edv\u00e1n\u00ed mezi t\u011bmi, kte\u0159\u00ed konop\u00ed u\u017e\u00edvaj\u00ed - WeedMan","robots":{"index":"index","follow":"follow","max-snippet":"max-snippet:-1","max-image-preview":"max-image-preview:large","max-video-preview":"max-video-preview:-1"},"canonical":"https:\/\/weedman.ai\/cs\/novinky\/vyzkum\/2025\/03\/31\/pruzkum-v-bc-odhalil-pokles-mladych-uzivatelu-konopi-po-legalizaci-ale-zvysene-uzivani-mezi-temi-kteri-konopi-uzivaji\/","og_locale":"cs_CZ","og_type":"article","og_title":"BC Survey Reveals Decrease in Young Cannabis Users Post-Legalization, but Increased Usage Among Those Who Do - WeedMan","og_description":"A recent report highlights that young people in British Columbia (BC) who have tried cannabis reached their lowest rate in&hellip;","og_url":"https:\/\/weedman.ai\/cs\/novinky\/vyzkum\/2025\/03\/31\/pruzkum-v-bc-odhalil-pokles-mladych-uzivatelu-konopi-po-legalizaci-ale-zvysene-uzivani-mezi-temi-kteri-konopi-uzivaji\/","og_site_name":"WeedMan","article_published_time":"2025-03-31T17:00:00+00:00","og_image":[{"width":1366,"height":768,"url":"https:\/\/weedman.ai\/wp-content\/uploads\/2025\/03\/bc-survey-reveals-decrease-in-young-cannabis-users-post-lega.jpg","type":"image\/jpeg"}],"author":"WeedMan","twitter_card":"summary_large_image","twitter_misc":{"Napsal(a)":"WeedMan","Odhadovan\u00e1 doba \u010dten\u00ed":"2 minuty"},"schema":{"@context":"https:\/\/schema.org","@graph":[{"@type":"Article","@id":"https:\/\/weedman.ai\/news\/research\/2025\/03\/31\/bc-survey-reveals-decrease-in-young-cannabis-users-post-legalization-but-increased-usage-among-those-who-do\/#article","isPartOf":{"@id":"https:\/\/weedman.ai\/news\/research\/2025\/03\/31\/bc-survey-reveals-decrease-in-young-cannabis-users-post-legalization-but-increased-usage-among-those-who-do\/"},"author":{"name":"WeedMan","@id":"https:\/\/weedman.ai\/#\/schema\/person\/6dfcae95e60d21990500b72c7969aef0"},"headline":"BC Survey Reveals Decrease in Young Cannabis Users Post-Legalization, but Increased Usage Among Those Who Do","datePublished":"2025-03-31T17:00:00+00:00","mainEntityOfPage":{"@id":"https:\/\/weedman.ai\/news\/research\/2025\/03\/31\/bc-survey-reveals-decrease-in-young-cannabis-users-post-legalization-but-increased-usage-among-those-who-do\/"},"wordCount":503,"commentCount":0,"publisher":{"@id":"https:\/\/weedman.ai\/#organization"},"image":{"@id":"https:\/\/weedman.ai\/news\/research\/2025\/03\/31\/bc-survey-reveals-decrease-in-young-cannabis-users-post-legalization-but-increased-usage-among-those-who-do\/#primaryimage"},"thumbnailUrl":"https:\/\/weedman.ai\/wp-content\/uploads\/2025\/03\/bc-survey-reveals-decrease-in-young-cannabis-users-post-lega.jpg","keywords":["BC Adolescent Health Survey","British Columbia","youth cannabis use"],"articleSection":["Research"],"inLanguage":"cs","potentialAction":[{"@type":"CommentAction","name":"Comment","target":["https:\/\/weedman.ai\/news\/research\/2025\/03\/31\/bc-survey-reveals-decrease-in-young-cannabis-users-post-legalization-but-increased-usage-among-those-who-do\/#respond"]}]},{"@type":"WebPage","@id":"https:\/\/weedman.ai\/news\/research\/2025\/03\/31\/bc-survey-reveals-decrease-in-young-cannabis-users-post-legalization-but-increased-usage-among-those-who-do\/","url":"https:\/\/weedman.ai\/news\/research\/2025\/03\/31\/bc-survey-reveals-decrease-in-young-cannabis-users-post-legalization-but-increased-usage-among-those-who-do\/","name":"Pr\u016fzkum v BC odhalil pokles mlad\u00fdch u\u017eivatel\u016f konop\u00ed po legalizaci, ale zv\u00fd\u0161en\u00e9 u\u017e\u00edv\u00e1n\u00ed mezi t\u011bmi, kte\u0159\u00ed konop\u00ed u\u017e\u00edvaj\u00ed - WeedMan","isPartOf":{"@id":"https:\/\/weedman.ai\/#website"},"primaryImageOfPage":{"@id":"https:\/\/weedman.ai\/news\/research\/2025\/03\/31\/bc-survey-reveals-decrease-in-young-cannabis-users-post-legalization-but-increased-usage-among-those-who-do\/#primaryimage"},"image":{"@id":"https:\/\/weedman.ai\/news\/research\/2025\/03\/31\/bc-survey-reveals-decrease-in-young-cannabis-users-post-legalization-but-increased-usage-among-those-who-do\/#primaryimage"},"thumbnailUrl":"https:\/\/weedman.ai\/wp-content\/uploads\/2025\/03\/bc-survey-reveals-decrease-in-young-cannabis-users-post-lega.jpg","datePublished":"2025-03-31T17:00:00+00:00","breadcrumb":{"@id":"https:\/\/weedman.ai\/news\/research\/2025\/03\/31\/bc-survey-reveals-decrease-in-young-cannabis-users-post-legalization-but-increased-usage-among-those-who-do\/#breadcrumb"},"inLanguage":"cs","potentialAction":[{"@type":"ReadAction","target":["https:\/\/weedman.ai\/news\/research\/2025\/03\/31\/bc-survey-reveals-decrease-in-young-cannabis-users-post-legalization-but-increased-usage-among-those-who-do\/"]}]},{"@type":"ImageObject","inLanguage":"cs","@id":"https:\/\/weedman.ai\/news\/research\/2025\/03\/31\/bc-survey-reveals-decrease-in-young-cannabis-users-post-legalization-but-increased-usage-among-those-who-do\/#primaryimage","url":"https:\/\/weedman.ai\/wp-content\/uploads\/2025\/03\/bc-survey-reveals-decrease-in-young-cannabis-users-post-lega.jpg","contentUrl":"https:\/\/weedman.ai\/wp-content\/uploads\/2025\/03\/bc-survey-reveals-decrease-in-young-cannabis-users-post-lega.jpg","width":1366,"height":768,"caption":"Credit: StratCann"},{"@type":"BreadcrumbList","@id":"https:\/\/weedman.ai\/news\/research\/2025\/03\/31\/bc-survey-reveals-decrease-in-young-cannabis-users-post-legalization-but-increased-usage-among-those-who-do\/#breadcrumb","itemListElement":[{"@type":"ListItem","position":1,"name":"Home","item":"https:\/\/weedman.ai\/"},{"@type":"ListItem","position":2,"name":"BC Survey Reveals Decrease in Young Cannabis Users Post-Legalization, but Increased Usage Among Those Who Do"}]},{"@type":"WebSite","@id":"https:\/\/weedman.ai\/#website","url":"https:\/\/weedman.ai\/","name":"WeedMan","description":"Konopn\u00e9 novinky, novinky o tr\u00e1v\u011b, novinky o marihuan\u011b","publisher":{"@id":"https:\/\/weedman.ai\/#organization"},"potentialAction":[{"@type":"SearchAction","target":{"@type":"EntryPoint","urlTemplate":"https:\/\/weedman.ai\/?s={search_term_string}"},"query-input":{"@type":"PropertyValueSpecification","valueRequired":true,"valueName":"search_term_string"}}],"inLanguage":"cs"},{"@type":"Organization","@id":"https:\/\/weedman.ai\/#organization","name":"WeedMan: konopn\u00e9 zpr\u00e1vy, post\u0159ehy a data","url":"https:\/\/weedman.ai\/","logo":{"@type":"ImageObject","inLanguage":"cs","@id":"https:\/\/weedman.ai\/#\/schema\/logo\/image\/","url":"https:\/\/weedman.ai\/wp-content\/uploads\/2025\/03\/cropped-cropped-Screenshot-2025-03-19-at-19.45.36.png","contentUrl":"https:\/\/weedman.ai\/wp-content\/uploads\/2025\/03\/cropped-cropped-Screenshot-2025-03-19-at-19.45.36.png","width":696,"height":140,"caption":"WeedMan: cannabis news, insights and data"},"image":{"@id":"https:\/\/weedman.ai\/#\/schema\/logo\/image\/"}},{"@type":"Person","@id":"https:\/\/weedman.ai\/#\/schema\/person\/6dfcae95e60d21990500b72c7969aef0","name":"WeedMan","image":{"@type":"ImageObject","inLanguage":"cs","@id":"https:\/\/secure.gravatar.com\/avatar\/21627f0a0b88949cd87baec4fb27b612c3cc9b91b69280102e277660a75fae9c?s=96&d=mm&r=g","url":"https:\/\/secure.gravatar.com\/avatar\/21627f0a0b88949cd87baec4fb27b612c3cc9b91b69280102e277660a75fae9c?s=96&d=mm&r=g","contentUrl":"https:\/\/secure.gravatar.com\/avatar\/21627f0a0b88949cd87baec4fb27b612c3cc9b91b69280102e277660a75fae9c?s=96&d=mm&r=g","caption":"WeedMan"},"url":"https:\/\/weedman.ai\/cs\/news\/author\/weedman\/"}]}},"_links":{"self":[{"href":"https:\/\/weedman.ai\/cs\/wp-json\/wp\/v2\/posts\/4196","targetHints":{"allow":["GET"]}}],"collection":[{"href":"https:\/\/weedman.ai\/cs\/wp-json\/wp\/v2\/posts"}],"about":[{"href":"https:\/\/weedman.ai\/cs\/wp-json\/wp\/v2\/types\/post"}],"author":[{"embeddable":true,"href":"https:\/\/weedman.ai\/cs\/wp-json\/wp\/v2\/users\/2"}],"replies":[{"embeddable":true,"href":"https:\/\/weedman.ai\/cs\/wp-json\/wp\/v2\/comments?post=4196"}],"version-history":[{"count":1,"href":"https:\/\/weedman.ai\/cs\/wp-json\/wp\/v2\/posts\/4196\/revisions"}],"predecessor-version":[{"id":4214,"href":"https:\/\/weedman.ai\/cs\/wp-json\/wp\/v2\/posts\/4196\/revisions\/4214"}],"wp:featuredmedia":[{"embeddable":true,"href":"https:\/\/weedman.ai\/cs\/wp-json\/wp\/v2\/media\/4195"}],"wp:attachment":[{"href":"https:\/\/weedman.ai\/cs\/wp-json\/wp\/v2\/media?parent=4196"}],"wp:term":[{"taxonomy":"category","embeddable":true,"href":"https:\/\/weedman.ai\/cs\/wp-json\/wp\/v2\/categories?post=4196"},{"taxonomy":"post_tag","embeddable":true,"href":"https:\/\/weedman.ai\/cs\/wp-json\/wp\/v2\/tags?post=4196"}],"curies":[{"name":"wp","href":"https:\/\/api.w.org\/{rel}","templated":true}]}}